{"id":4030,"date":"2019-02-27T19:32:42","date_gmt":"2019-02-27T19:32:42","guid":{"rendered":"https:\/\/comvidasrestauradas.org\/cvr\/?p=4030"},"modified":"2020-01-06T19:19:55","modified_gmt":"2020-01-06T19:19:55","slug":"nao-te-deixarei-nem-te-desampararei-2","status":"publish","type":"post","link":"https:\/\/comvidasrestauradas.org\/cvr\/nao-te-deixarei-nem-te-desampararei-2\/","title":{"rendered":"N\u00e3o te Deixarei, nem te Desampararei"},"content":{"rendered":"\n<p>Voc\u00ea vai viver as Promessas de Deus porque a Palavra Dele \u00e9 eficaz, certeira e n\u00e3o tr\u00e1s dor.  A Palavra diz: &#8220;N\u00e3o te deixarei, nem te desampararei&#8221; Josu\u00e9 1:5<\/p>\n\n\n\n<h2 class=\"wp-block-heading\">O Cativeiro<\/h2>\n\n\n\n<p>Josu\u00e9 nasceu no tempo do maior cativeiro  do povo de Israel, que durou 430 anos. Josu\u00e9 viveu as dores do seu povo, mas tamb\u00e9m presenciou as gl\u00f3rias que esse povo recebeu, porque a vida consiste de altos e baixos. Nem sempre estaremos sorrindo. Jesus Cristo disse: No mundo tereis afli\u00e7\u00f5es, mas tende bom \u00e2nimo porque Eu venci o mundo e v\u00f3s tamb\u00e9m vencereis.<\/p>\n\n\n\n<p>Josu\u00e9 vivenciou o \u00e1pice da vida daquele povo, que foi a sa\u00edda do cativeiro. Esse foi o momento que Deus desceu para abrir uma porta que estava fechada h\u00e1 muito tempo.<\/p>\n\n\n\n<p><em>Hoje Deus desce sobre a sua vida para abrir porta que faz tempo que est\u00e1 fechada. Ele cria uma porta, onde n\u00e3o existe porta, coloca na sua frente e ningu\u00e9m a poder\u00e1 fechar.<\/em><\/p>\n\n\n\n<p>Este ano de 2019, deus escancara portas para voc\u00ea passar e seu Nome ser Glorificado.<\/p>\n\n\n\n<h2 class=\"wp-block-heading\">O Clamor<\/h2>\n\n\n\n<p>Deus abriu portas porque o povo &#8220;clamou&#8221;  e Ele ouviu seu clamor. Clamar significa falar em voz alta. Deus n\u00e3o respondeu a ora\u00e7\u00e3o, mas respondeu o clamor. Se voc\u00ea quer um milagre chame a aten\u00e7\u00e3o de Deus, clamando!<\/p>\n\n\n\n<p>O cego de Jeric\u00f3 clamou e foi atendido com um cheque em branco: &#8220;O que queres que Eu te fa\u00e7a?&#8221;<\/p>\n\n\n\n<p><em>Para quem clama, hoje o Senhor te diz: O que queres que Eu te fa\u00e7a?<\/em><\/p>\n\n\n\n<p><em>Deus te trouxe aqui para te dizer que:  N\u00e3o tem nada perdido, que o controle est\u00e1 nas m\u00e3os Dele e que Ele tem Vit\u00f3ria para a sua vida.<\/em><\/p>\n\n\n\n<h2 class=\"wp-block-heading\">A Promessa<\/h2>\n\n\n\n<p>Deus tirou o povo da servid\u00e3o para coloc\u00e1-los numa terra que &#8221; mana leite e mel &#8220;.<\/p>\n\n\n\n<p><em>Deus est\u00e1 tirando voc\u00ea da prova e te colocando na ben\u00e7\u00e3o.<\/em><\/p>\n\n\n\n<p><em>Deus est\u00e1 liberando uma promessa sobre a sua vida e a sua casa.<\/em><\/p>\n\n\n\n<p>O Senhor nos d\u00e1 a promessa , mas n\u00f3s temos que guerrear. A &#8220;terra que mana leite e mel&#8221; est\u00e1 cheia de gigantes!<\/p>\n\n\n\n<p>Ningu\u00e9m recebe promessa de Deus deitado numa rede, mas debaixo de luta e de guerra. O Senhor n\u00e3o d\u00e1 nada de m\u00e3o beijada para ningu\u00e9m, mas se voc\u00ea entrar na batalha Ele vai contigo.<\/p>\n\n\n\n<h2 class=\"wp-block-heading\">Deus Permite Guerras<\/h2>\n\n\n\n<p>Quanto maior o problema maior a Gl\u00f3ria de Deus manifesta e mais glorificado \u00e9 o Nome do Senhor.<\/p>\n\n\n\n<p>Quando L\u00e1zaro estava doente, Jesus foi avisado e mandou o seguinte recado: &#8220;Essa doen\u00e7a n\u00e3o \u00e9 para a morte, mas para a Gl\u00f3ria de Deus&#8221;.<\/p>\n\n\n\n<p>O caso \u00e9 que o que estava ruim, ficou pior porque L\u00e1zaro morreu!<\/p>\n\n\n\n<p>Quando Jesus finalmente chegou na casa de Marta e Maria, Ele removeu a pedra, chamou L\u00e1zaro para fora e  foi Glorificado nesse neg\u00f3cio, por t\u00ea-lo ressuscitado. <\/p>\n\n\n\n<h2 class=\"wp-block-heading\">O Pre\u00e7o da Vit\u00f3ria<\/h2>\n\n\n\n<p>Tem muita gente que quer vit\u00f3rias mas n\u00e3o quer pagar o pre\u00e7o das lutas, das batalhas, da ora\u00e7\u00e3o do clamor e do sacrif\u00edcio.<\/p>\n\n\n\n<p>Ore, jejue, clame que o Senhor entra na sua guerra, ent\u00e3o voc\u00ea tira as suas m\u00e3os e deixa nas m\u00e3os Dele e Ele tudo far\u00e1.<\/p>\n\n\n\n<h2 class=\"wp-block-heading\">A Ben\u00e7\u00e3o<\/h2>\n\n\n\n<p>N\u00e3o olhe para os gigantes ou para a circunst\u00e2ncia, n\u00e3o deixe que ele te afrontem. Siga a opini\u00e3o de quem tem a Dire\u00e7\u00e3o de Deus pois se h\u00e1 promessa a tua vit\u00f3ria \u00e9 certa: Operando Deus, quem impedir\u00e1?.<\/p>\n\n\n\n<p>Josu\u00e9 e Calebe, n\u00e3o faziam parte da maioria, mas seguiam a dire\u00e7\u00e3o de Deus.<\/p>\n\n\n\n<p>O que Deus vai fazer na sua vida este ano \u00e9 t\u00e3o grande que voc\u00ea vai dividir a sua ben\u00e7\u00e3o com outros.<\/p>\n\n\n\n<p>\u00c9 tempo de ouvir a voz de Deus no seu ouvido, de ter mais intimidade com Ele.<\/p>\n\n\n\n<p><em>Este ano, onde voc\u00ea colocar a planta dos seus p\u00e9s Deus far\u00e1 prosperar, porque a promessa est\u00e1 sobre a sua vida.<\/em><\/p>\n\n\n\n<h2 class=\"wp-block-heading\">A Presen\u00e7a de Deus<\/h2>\n\n\n\n<p>O segredo de quem quer vencer \u00e9 recuperar as for\u00e7as, se levantar e lutar. Mesmo abatido, n\u00e3o desista e coloque Deus a frente do problema. Quem est\u00e1 na Presen\u00e7a de Deus n\u00e3o perde batalha alguma.<\/p>\n\n\n\n<p>H\u00e1 quem te olhe pensando &#8220;Esse n\u00e3o vai a lugar algum&#8221;, por\u00e9m na hora que Deus liberar a tua vit\u00f3ria ent\u00e3o saber\u00e3o que h\u00e1 un\u00e7\u00e3o de Deus sobre voc\u00ea.<\/p>\n\n\n\n<p>No\u00e9 era agricultor, no entanto Deus lhe deu um projeto de marceneiro. No\u00e9 n\u00e3o recuou por causa da sua falta de habilidade, mas enfrentou, obedeceu e construiu a arca. O povo que o via construindo o chamava de louco, mas ele n\u00e3o desistiu.<\/p>\n\n\n\n<p>Jeric\u00f3 era uma cidade altamente fortificada e pela obedi\u00eancia do povo de Israel ao Senhor suas muralhas ca\u00edram.<\/p>\n\n\n\n<p>Hoje Deus mexe com voc\u00ea e as muralhas que te cercam v\u00e3o cair. Voc\u00ea vai vencer guerras que outros n\u00e3o venceram, porque voc\u00ea tem a promessa.<\/p>\n\n\n\n<p>Este ano \u00e9 ano de conquista, se prepare para viver as promessas do Senhor.<\/p>\n\n\n\n<p><em>Texto transcrito e resumido do v\u00eddeo em anexo por Marcia R Tedeschi. Palavra ministrada em 26-02-19, pela Pr. fF\u00e1bio de Assis com base em Josu\u00e9 1:5, para a Igreja Comunidade Evang\u00e9lica Vidas Restauradas<\/em><\/p>\n\n\n\n<figure class=\"wp-block-embed-facebook wp-block-embed is-type-video is-provider-facebook\"><div class=\"wp-block-embed__wrapper\">\nhttps:\/\/www.facebook.com\/comvidasrestauradas\/videos\/2036086389820520\/?t=6\n<\/div><\/figure>\n\n\n\n<div class=\"wp-block-button\"><a class=\"wp-block-button__link\" href=\"https:\/\/comvidasrestauradas.org\/cvr\/o-caminho\/\"> <br>Seguir o Caminho de Jesus Cristo n\u00e3o torna nossa vida mais f\u00e1cil, mas transforma voc\u00ea de dentro para fora, te d\u00e1 Paz e garante uma jornada de vit\u00f3rias. N\u00e3o hesite em tomar essa decis\u00e3o, porque voc\u00ea saber\u00e1 por experi\u00eancia pr\u00f3pria que o Senhor nunca nos abandona. <br><\/a><\/div>\n","protected":false},"excerpt":{"rendered":"<p>Voc\u00ea vai viver as Promessas de Deus porque a Palavra Dele \u00e9 eficaz, certeira e n\u00e3o tr\u00e1s dor. A Palavra diz: &#8220;N\u00e3o te deixarei, nem te desampararei&#8221; Josu\u00e9 1:5 O Cativeiro Josu\u00e9 nasceu no tempo do maior cativeiro do povo de Israel, que durou 430 anos. Josu\u00e9 viveu as dores do seu povo, mas tamb\u00e9m presenciou as gl\u00f3rias que esse povo recebeu, porque a vida consiste de altos e baixos. Nem sempre estaremos sorrindo. Jesus Cristo disse: No mundo tereis afli\u00e7\u00f5es, mas tende bom \u00e2nimo porque Eu venci o mundo e v\u00f3s tamb\u00e9m vencereis. Josu\u00e9 vivenciou o \u00e1pice da vida <\/p>\n","protected":false},"author":3,"featured_media":2153,"comment_status":"open","ping_status":"open","sticky":false,"template":"","format":"standard","meta":{"footnotes":""},"categories":[5],"tags":[],"class_list":["post-4030","post","type-post","status-publish","format-standard","has-post-thumbnail","hentry","category-sermao","has_thumb"],"_links":{"self":[{"href":"https:\/\/comvidasrestauradas.org\/cvr\/wp-json\/wp\/v2\/posts\/4030","targetHints":{"allow":["GET"]}}],"collection":[{"href":"https:\/\/comvidasrestauradas.org\/cvr\/wp-json\/wp\/v2\/posts"}],"about":[{"href":"https:\/\/comvidasrestauradas.org\/cvr\/wp-json\/wp\/v2\/types\/post"}],"author":[{"embeddable":true,"href":"https:\/\/comvidasrestauradas.org\/cvr\/wp-json\/wp\/v2\/users\/3"}],"replies":[{"embeddable":true,"href":"https:\/\/comvidasrestauradas.org\/cvr\/wp-json\/wp\/v2\/comments?post=4030"}],"version-history":[{"count":0,"href":"https:\/\/comvidasrestauradas.org\/cvr\/wp-json\/wp\/v2\/posts\/4030\/revisions"}],"wp:featuredmedia":[{"embeddable":true,"href":"https:\/\/comvidasrestauradas.org\/cvr\/wp-json\/wp\/v2\/media\/2153"}],"wp:attachment":[{"href":"https:\/\/comvidasrestauradas.org\/cvr\/wp-json\/wp\/v2\/media?parent=4030"}],"wp:term":[{"taxonomy":"category","embeddable":true,"href":"https:\/\/comvidasrestauradas.org\/cvr\/wp-json\/wp\/v2\/categories?post=4030"},{"taxonomy":"post_tag","embeddable":true,"href":"https:\/\/comvidasrestauradas.org\/cvr\/wp-json\/wp\/v2\/tags?post=4030"}],"curies":[{"name":"wp","href":"https:\/\/api.w.org\/{rel}","templated":true}]}}