{"id":1796,"date":"2018-03-28T20:09:32","date_gmt":"2018-03-28T23:09:32","guid":{"rendered":"https:\/\/work.comvidasrestauradas.org\/cvrteste\/?p=1796"},"modified":"2020-01-06T19:20:06","modified_gmt":"2020-01-06T19:20:06","slug":"o-projeto-de-deus-na-sua-vida","status":"publish","type":"post","link":"https:\/\/comvidasrestauradas.org\/cvr\/o-projeto-de-deus-na-sua-vida\/","title":{"rendered":"O projeto de Deus na sua Vida"},"content":{"rendered":"<h2>Quando Deus tem projeto Ele age na terra ao meu e ao teu favor!<\/h2>\n<p>Voc\u00ea \u00e9 projeto de Deus, e Ele vai te levantar e te colocar em paz. Sabeis que somos o Templo de Deus e que o Esp\u00edrito Santo habita em n\u00f3s. J\u00f3 era um homem integro e o seu templo foi totalmente destru\u00eddo. O advers\u00e1rio pediu para tocar na vida dele, assim sendo, a prova que voc\u00ea passa e porque o advers\u00e1rio pediu para tocar em voc\u00ea. Confie, o Senhor vai te colocar em p\u00e9.<\/p>\n<h2>Quando as circunst\u00e2ncias afetam o Templo do Esp\u00edrito Santo<\/h2>\n<p>N\u00e3o olhe para o que voc\u00ea esta passando, mas olhe para o Senhor, porque Dele vem a tua vit\u00f3ria e o teu milagre. Ele \u00e9 sobrenatural sobre a sua vida. N\u00e3o desista de Deus por nada. A \u00faltima palavra vem Dele.<\/p>\n<h2>Deus fala para Voc\u00ea<\/h2>\n<p>&#8220;Eu sou fiel, Eu posso reconstruir, Eu posso fazer de novo e vou fazer muito melhor, e a minha Gl\u00f3ria estar\u00e1 presente, porque o que vou fazer e perfeito.&#8221;<\/p>\n<h2>As vezes achamos que podemos<\/h2>\n<p>Achamos que nosso bra\u00e7o \u00e9 capaz de conquistar algo, mas n\u00f3s dependemos de um Deus misericordioso. Ele pega o que \u00e9 desprez\u00edvel e\u00a0 levanta sobre a face da terra. Esse \u00e9 o Deus que vai te colocar em p\u00e9.<\/p>\n<h2>Nos acusam, nos apontam<\/h2>\n<p>Muitas vezes dentro da nossa casa, aqueles que esperamos que estejam junto de n\u00f3s, nos julgam e apontam o dedo e dizem: o problema est\u00e1 aqui, o problema est\u00e1 ali. Assim sendo, Deus te fala: n\u00e3o \u00e9 por causa da tua forca, nem do teu conhecimento, \u00e9 por causa da minha miseric\u00f3rdia. Eu estou contigo!<\/p>\n<h2>Deixa Deus agir e trabalhar por voc\u00ea<\/h2>\n<p>Entrega o teu caminho ao Senhor e confia Nele, e no mais Ele tudo far\u00e1. Quem move o cora\u00e7\u00e3o do homem \u00e9 Deus e Ele vai mover o cora\u00e7\u00e3o de vidas ao teu favor para poder te aben\u00e7oar.<\/p>\n<h2>O neg\u00f3cio e com voc\u00ea<\/h2>\n<p>Coloca na tua cabeca que a coisa mais importante que pode acontecer na sua vida \u00e9 a Salva\u00e7\u00e3o. Lembre-se que a sua morada n\u00e3o \u00e9 aqui. Se voc\u00ea olhar o notici\u00e1rio, voc\u00ea ver\u00e1 que Deus tem te guardado porque Ele tem projeto de fazer algo novo na sua vida. \u00c9 grande o que Ele tem para voc\u00ea. Ele te diz que vai te dar for\u00e7a, vai te restaurar. Ele vai cuidar do Templo do Esp\u00edrito Santo, que \u00e9 voc\u00ea, e te dar Paz.<\/p>\n<h2>O que Ele tem para voc\u00ea \u00e9 algo Grande<\/h2>\n<p>Ele vai te colocar em lugares grandes e quando Ele te aben\u00e7oar: seja fiel a Ele. Se voc\u00ea quer vit\u00f3ria, pratique a Palavra de G\u00eanesis ao Apocalipse. Ele te aben\u00e7oou?, ent\u00e3o devolva a Ele o que \u00e9 Dele, antes que te fa\u00e7a como a Saul.<\/p>\n<h2>Aquilo que Deus te da e para ser cuidado<\/h2>\n<p>Deus quer que o Nome Dele seja Glorificado. Se voc\u00ea n\u00e3o quer glorific\u00e1-lo porque tem vergonha, Ele te tira e coloca outro no lugar.<br \/>\nAquilo que Deus te d\u00e1 e pra ser cuidado. Se Deus te deu algo, fa\u00e7a com temor e com amor porque \u00e9 grande. Se \u00e9 um dom use-o para Glorificar o Nome do Senhor, se \u00e9 um esposo\/esposa fa\u00e7a o seu melhor para ele\/ela, porque \u00e9 grande diante de Deus.<\/p>\n<h2>Vai haver honra para voc\u00ea<\/h2>\n<p>Deus diz: Eu j\u00e1 dei! Levanta a tua cabe\u00e7a, Eu irei na tua frente e as portas v\u00e3o se abrir para voc\u00ea porque A gl\u00f3ria da 2a. casa sera maior que a da 1a. Creia!<\/p>\n<p>[alert-note]Texto transcrito e resumido do v\u00eddeo em anexo por Marcia R Tedeschi. Palavra ministrada em 27-03-18, pelo Pr. Valmir Vasconcelos, com base em Ageu 2:9, para a Igreja Comunidade Evang\u00e9lica Vidas Restauradas[\/alert-note]<br \/>\n<iframe loading=\"lazy\" style=\"border: none; overflow: hidden;\" src=\"https:\/\/www.facebook.com\/plugins\/video.php?href=https%3A%2F%2Fwww.facebook.com%2Fcomvidasrestauradas%2Fvideos%2F2129213390428354%2F&amp;show_text=1&amp;width=560\" width=\"560\" height=\"426\" frameborder=\"0\" scrolling=\"no\" allowfullscreen=\"allowfullscreen\"><\/iframe><br \/>\nSeguir o Caminho de Jesus Cristo n\u00e3o torna nossa vida mais f\u00e1cil, mas transforma voc\u00ea de dentro para fora, te d\u00e1 Paz e garante uma jornada de vit\u00f3rias. N\u00e3o hesite em tomar essa decis\u00e3o, voc\u00ea saber\u00e1 por experi\u00eancia pr\u00f3pria que o Senhor nunca nos abandona.<\/p>\n<p>[button-brown url=&#8221;https:\/\/comvidasrestauradas.org\/cvr\/o-caminho\/&#8221; target=&#8221;_self&#8221; position=&#8221;left&#8221;]SIM! Quero Ter uma NOVA VIDA em Jesus Cristo![\/button-brown]<\/p>\n","protected":false},"excerpt":{"rendered":"<p>Quando Deus tem projeto Ele age na terra ao meu e ao teu favor! Voc\u00ea \u00e9 projeto de Deus, e Ele vai te levantar e te colocar em paz. Sabeis que somos o Templo de Deus e que o Esp\u00edrito Santo habita em n\u00f3s. J\u00f3 era um homem integro e o seu templo foi totalmente destru\u00eddo. O advers\u00e1rio pediu para tocar na vida dele, assim sendo, a prova que voc\u00ea passa e porque o advers\u00e1rio pediu para tocar em voc\u00ea. Confie, o Senhor vai te colocar em p\u00e9. Quando as circunst\u00e2ncias afetam o Templo do Esp\u00edrito Santo N\u00e3o olhe para <\/p>\n","protected":false},"author":3,"featured_media":1797,"comment_status":"closed","ping_status":"open","sticky":false,"template":"","format":"standard","meta":{"footnotes":""},"categories":[5],"tags":[56],"class_list":["post-1796","post","type-post","status-publish","format-standard","has-post-thumbnail","hentry","category-sermao","tag-projeto","has_thumb"],"_links":{"self":[{"href":"https:\/\/comvidasrestauradas.org\/cvr\/wp-json\/wp\/v2\/posts\/1796","targetHints":{"allow":["GET"]}}],"collection":[{"href":"https:\/\/comvidasrestauradas.org\/cvr\/wp-json\/wp\/v2\/posts"}],"about":[{"href":"https:\/\/comvidasrestauradas.org\/cvr\/wp-json\/wp\/v2\/types\/post"}],"author":[{"embeddable":true,"href":"https:\/\/comvidasrestauradas.org\/cvr\/wp-json\/wp\/v2\/users\/3"}],"replies":[{"embeddable":true,"href":"https:\/\/comvidasrestauradas.org\/cvr\/wp-json\/wp\/v2\/comments?post=1796"}],"version-history":[{"count":0,"href":"https:\/\/comvidasrestauradas.org\/cvr\/wp-json\/wp\/v2\/posts\/1796\/revisions"}],"wp:featuredmedia":[{"embeddable":true,"href":"https:\/\/comvidasrestauradas.org\/cvr\/wp-json\/wp\/v2\/media\/1797"}],"wp:attachment":[{"href":"https:\/\/comvidasrestauradas.org\/cvr\/wp-json\/wp\/v2\/media?parent=1796"}],"wp:term":[{"taxonomy":"category","embeddable":true,"href":"https:\/\/comvidasrestauradas.org\/cvr\/wp-json\/wp\/v2\/categories?post=1796"},{"taxonomy":"post_tag","embeddable":true,"href":"https:\/\/comvidasrestauradas.org\/cvr\/wp-json\/wp\/v2\/tags?post=1796"}],"curies":[{"name":"wp","href":"https:\/\/api.w.org\/{rel}","templated":true}]}}